{"id":3331,"date":"2021-11-19T15:00:00","date_gmt":"2021-11-19T14:00:00","guid":{"rendered":"https:\/\/www.chesnaie.eu\/?p=3331"},"modified":"2021-11-23T13:15:27","modified_gmt":"2021-11-23T12:15:27","slug":"attention-le-froid-arrive-pensez-a-hiverner","status":"publish","type":"post","link":"http:\/\/www.chesnaie.eu\/de\/attention-le-froid-arrive-pensez-a-hiverner\/","title":{"rendered":"Achtung, die kalte Jahreszeit kommt. Machen Sie alles winterfest!"},"content":{"rendered":"<div class=\"swpm-post-not-logged-in-msg\">Sie m\u00fcssen sich anmelden, um diesen Inhalt einsehen zu k\u00f6nnen. Bitte <a class=\"swpm-login-link\" href=\"http:\/\/www.chesnaie.eu\/acces-client\/vous-identifier\/\">Anmelden<\/a>. Kein Mitglied? <a href=\"http:\/\/www.chesnaie.eu\/acces-client\/\">Werden Sie Mitglied bei uns<\/a><\/div>","protected":false},"excerpt":{"rendered":"<p>Sie m\u00fcssen sich anmelden, um diesen Inhalt einsehen zu k\u00f6nnen. Bitte Anmelden. Kein Mitglied? Werden Sie Mitglied bei uns<\/p>","protected":false},"author":2,"featured_media":3342,"comment_status":"closed","ping_status":"closed","sticky":false,"template":"","format":"standard","meta":{"inline_featured_image":false,"footnotes":""},"categories":[77],"tags":[],"class_list":["post-3331","post","type-post","status-publish","format-standard","has-post-thumbnail","hentry","category-articles-clients"],"yoast_head":"<!-- This site is optimized with the Yoast SEO plugin v26.9 - https:\/\/yoast.com\/product\/yoast-seo-wordpress\/ -->\n<title>Attention le froid arrive : Pensez \u00e0 hiverner ! - Parc de la Chesnaie<\/title>\n<meta name=\"description\" content=\"Les pr\u00e9visions m\u00e9t\u00e9orologiques annoncent l\u2019arriv\u00e9e de temp\u00e9ratures n\u00e9gatives. Il faut hiverner vos installations\u00a0!\" \/>\n<meta name=\"robots\" content=\"index, follow, max-snippet:-1, max-image-preview:large, max-video-preview:-1\" \/>\n<link rel=\"canonical\" href=\"https:\/\/www.chesnaie.eu\/de\/attention-le-froid-arrive-pensez-a-hiverner\/\" \/>\n<meta property=\"og:locale\" content=\"de_DE\" \/>\n<meta property=\"og:type\" content=\"article\" \/>\n<meta property=\"og:title\" content=\"Attention le froid arrive : Pensez \u00e0 hiverner ! - Parc de la Chesnaie\" \/>\n<meta property=\"og:description\" content=\"Les pr\u00e9visions m\u00e9t\u00e9orologiques annoncent l\u2019arriv\u00e9e de temp\u00e9ratures n\u00e9gatives. Il faut hiverner vos installations\u00a0!\" \/>\n<meta property=\"og:url\" content=\"https:\/\/www.chesnaie.eu\/de\/attention-le-froid-arrive-pensez-a-hiverner\/\" \/>\n<meta property=\"og:site_name\" content=\"Parc de la Chesnaie\" \/>\n<meta property=\"article:published_time\" content=\"2021-11-19T14:00:00+00:00\" \/>\n<meta property=\"article:modified_time\" content=\"2021-11-23T12:15:27+00:00\" \/>\n<meta property=\"og:image\" content=\"https:\/\/www.chesnaie.eu\/wp-content\/uploads\/2021\/11\/article-froid_img1.jpg\" \/>\n\t<meta property=\"og:image:width\" content=\"216\" \/>\n\t<meta property=\"og:image:height\" content=\"216\" \/>\n\t<meta property=\"og:image:type\" content=\"image\/jpeg\" \/>\n<meta name=\"author\" content=\"Parc Chesnaie\" \/>\n<meta name=\"twitter:card\" content=\"summary_large_image\" \/>\n<meta name=\"twitter:label1\" content=\"Verfasst von\" \/>\n\t<meta name=\"twitter:data1\" content=\"Parc Chesnaie\" \/>\n\t<meta name=\"twitter:label2\" content=\"Gesch\u00e4tzte Lesezeit\" \/>\n\t<meta name=\"twitter:data2\" content=\"2\u00a0Minuten\" \/>\n<script type=\"application\/ld+json\" class=\"yoast-schema-graph\">{\"@context\":\"https:\/\/schema.org\",\"@graph\":[{\"@type\":\"Article\",\"@id\":\"https:\/\/www.chesnaie.eu\/en\/attention-le-froid-arrive-pensez-a-hiverner\/#article\",\"isPartOf\":{\"@id\":\"https:\/\/www.chesnaie.eu\/en\/attention-le-froid-arrive-pensez-a-hiverner\/\"},\"author\":{\"name\":\"Parc Chesnaie\",\"@id\":\"https:\/\/www.chesnaie.eu\/#\/schema\/person\/0151639961e72dc38a4ba1c8cff8ffce\"},\"headline\":\"Attention le froid arrive : Pensez \u00e0 hiverner !\",\"datePublished\":\"2021-11-19T14:00:00+00:00\",\"dateModified\":\"2021-11-23T12:15:27+00:00\",\"mainEntityOfPage\":{\"@id\":\"https:\/\/www.chesnaie.eu\/en\/attention-le-froid-arrive-pensez-a-hiverner\/\"},\"wordCount\":201,\"publisher\":{\"@id\":\"https:\/\/www.chesnaie.eu\/#organization\"},\"image\":{\"@id\":\"https:\/\/www.chesnaie.eu\/en\/attention-le-froid-arrive-pensez-a-hiverner\/#primaryimage\"},\"thumbnailUrl\":\"http:\/\/www.chesnaie.eu\/wp-content\/uploads\/2021\/11\/article-froid_img1.jpg\",\"articleSection\":[\"Articles clients\"],\"inLanguage\":\"de\"},{\"@type\":\"WebPage\",\"@id\":\"https:\/\/www.chesnaie.eu\/en\/attention-le-froid-arrive-pensez-a-hiverner\/\",\"url\":\"https:\/\/www.chesnaie.eu\/en\/attention-le-froid-arrive-pensez-a-hiverner\/\",\"name\":\"Attention le froid arrive : Pensez \u00e0 hiverner ! - Parc de la Chesnaie\",\"isPartOf\":{\"@id\":\"https:\/\/www.chesnaie.eu\/#website\"},\"primaryImageOfPage\":{\"@id\":\"https:\/\/www.chesnaie.eu\/en\/attention-le-froid-arrive-pensez-a-hiverner\/#primaryimage\"},\"image\":{\"@id\":\"https:\/\/www.chesnaie.eu\/en\/attention-le-froid-arrive-pensez-a-hiverner\/#primaryimage\"},\"thumbnailUrl\":\"http:\/\/www.chesnaie.eu\/wp-content\/uploads\/2021\/11\/article-froid_img1.jpg\",\"datePublished\":\"2021-11-19T14:00:00+00:00\",\"dateModified\":\"2021-11-23T12:15:27+00:00\",\"description\":\"Les pr\u00e9visions m\u00e9t\u00e9orologiques annoncent l\u2019arriv\u00e9e de temp\u00e9ratures n\u00e9gatives. Il faut hiverner vos installations\u00a0!\",\"breadcrumb\":{\"@id\":\"https:\/\/www.chesnaie.eu\/en\/attention-le-froid-arrive-pensez-a-hiverner\/#breadcrumb\"},\"inLanguage\":\"de\",\"potentialAction\":[{\"@type\":\"ReadAction\",\"target\":[\"https:\/\/www.chesnaie.eu\/en\/attention-le-froid-arrive-pensez-a-hiverner\/\"]}]},{\"@type\":\"ImageObject\",\"inLanguage\":\"de\",\"@id\":\"https:\/\/www.chesnaie.eu\/en\/attention-le-froid-arrive-pensez-a-hiverner\/#primaryimage\",\"url\":\"http:\/\/www.chesnaie.eu\/wp-content\/uploads\/2021\/11\/article-froid_img1.jpg\",\"contentUrl\":\"http:\/\/www.chesnaie.eu\/wp-content\/uploads\/2021\/11\/article-froid_img1.jpg\",\"width\":216,\"height\":216,\"caption\":\"Attention au froid\"},{\"@type\":\"BreadcrumbList\",\"@id\":\"https:\/\/www.chesnaie.eu\/en\/attention-le-froid-arrive-pensez-a-hiverner\/#breadcrumb\",\"itemListElement\":[{\"@type\":\"ListItem\",\"position\":1,\"name\":\"Accueil\",\"item\":\"https:\/\/www.chesnaie.eu\/\"},{\"@type\":\"ListItem\",\"position\":2,\"name\":\"Attention le froid arrive : Pensez \u00e0 hiverner !\"}]},{\"@type\":\"WebSite\",\"@id\":\"https:\/\/www.chesnaie.eu\/#website\",\"url\":\"https:\/\/www.chesnaie.eu\/\",\"name\":\"Parc de la Chesnaie\",\"description\":\"Parc r\u00e9sidentiel de loisirs\",\"publisher\":{\"@id\":\"https:\/\/www.chesnaie.eu\/#organization\"},\"potentialAction\":[{\"@type\":\"SearchAction\",\"target\":{\"@type\":\"EntryPoint\",\"urlTemplate\":\"https:\/\/www.chesnaie.eu\/?s={search_term_string}\"},\"query-input\":{\"@type\":\"PropertyValueSpecification\",\"valueRequired\":true,\"valueName\":\"search_term_string\"}}],\"inLanguage\":\"de\"},{\"@type\":\"Organization\",\"@id\":\"https:\/\/www.chesnaie.eu\/#organization\",\"name\":\"Parc de la Chesnaie\",\"url\":\"https:\/\/www.chesnaie.eu\/\",\"logo\":{\"@type\":\"ImageObject\",\"inLanguage\":\"de\",\"@id\":\"https:\/\/www.chesnaie.eu\/#\/schema\/logo\/image\/\",\"url\":\"https:\/\/www.chesnaie.eu\/wp-content\/uploads\/2020\/04\/logo-s.png\",\"contentUrl\":\"https:\/\/www.chesnaie.eu\/wp-content\/uploads\/2020\/04\/logo-s.png\",\"width\":100,\"height\":100,\"caption\":\"Parc de la Chesnaie\"},\"image\":{\"@id\":\"https:\/\/www.chesnaie.eu\/#\/schema\/logo\/image\/\"}},{\"@type\":\"Person\",\"@id\":\"https:\/\/www.chesnaie.eu\/#\/schema\/person\/0151639961e72dc38a4ba1c8cff8ffce\",\"name\":\"Parc Chesnaie\",\"image\":{\"@type\":\"ImageObject\",\"inLanguage\":\"de\",\"@id\":\"https:\/\/www.chesnaie.eu\/#\/schema\/person\/image\/\",\"url\":\"https:\/\/secure.gravatar.com\/avatar\/02864cfece665b7ca4087c44c2fb5fd153390a91f30a083cc9a3bd953d591652?s=96&d=mm&r=g\",\"contentUrl\":\"https:\/\/secure.gravatar.com\/avatar\/02864cfece665b7ca4087c44c2fb5fd153390a91f30a083cc9a3bd953d591652?s=96&d=mm&r=g\",\"caption\":\"Parc Chesnaie\"},\"url\":\"http:\/\/www.chesnaie.eu\"}]}<\/script>\n<!-- \/ Yoast SEO plugin. -->","yoast_head_json":{"title":"Attention le froid arrive : Pensez \u00e0 hiverner ! - Parc de la Chesnaie","description":"Les pr\u00e9visions m\u00e9t\u00e9orologiques annoncent l\u2019arriv\u00e9e de temp\u00e9ratures n\u00e9gatives. Il faut hiverner vos installations\u00a0!","robots":{"index":"index","follow":"follow","max-snippet":"max-snippet:-1","max-image-preview":"max-image-preview:large","max-video-preview":"max-video-preview:-1"},"canonical":"https:\/\/www.chesnaie.eu\/de\/attention-le-froid-arrive-pensez-a-hiverner\/","og_locale":"de_DE","og_type":"article","og_title":"Attention le froid arrive : Pensez \u00e0 hiverner ! - Parc de la Chesnaie","og_description":"Les pr\u00e9visions m\u00e9t\u00e9orologiques annoncent l\u2019arriv\u00e9e de temp\u00e9ratures n\u00e9gatives. Il faut hiverner vos installations\u00a0!","og_url":"https:\/\/www.chesnaie.eu\/de\/attention-le-froid-arrive-pensez-a-hiverner\/","og_site_name":"Parc de la Chesnaie","article_published_time":"2021-11-19T14:00:00+00:00","article_modified_time":"2021-11-23T12:15:27+00:00","og_image":[{"width":216,"height":216,"url":"https:\/\/www.chesnaie.eu\/wp-content\/uploads\/2021\/11\/article-froid_img1.jpg","type":"image\/jpeg"}],"author":"Parc Chesnaie","twitter_card":"summary_large_image","twitter_misc":{"Verfasst von":"Parc Chesnaie","Gesch\u00e4tzte Lesezeit":"2\u00a0Minuten"},"schema":{"@context":"https:\/\/schema.org","@graph":[{"@type":"Article","@id":"https:\/\/www.chesnaie.eu\/en\/attention-le-froid-arrive-pensez-a-hiverner\/#article","isPartOf":{"@id":"https:\/\/www.chesnaie.eu\/en\/attention-le-froid-arrive-pensez-a-hiverner\/"},"author":{"name":"Parc Chesnaie","@id":"https:\/\/www.chesnaie.eu\/#\/schema\/person\/0151639961e72dc38a4ba1c8cff8ffce"},"headline":"Attention le froid arrive : Pensez \u00e0 hiverner !","datePublished":"2021-11-19T14:00:00+00:00","dateModified":"2021-11-23T12:15:27+00:00","mainEntityOfPage":{"@id":"https:\/\/www.chesnaie.eu\/en\/attention-le-froid-arrive-pensez-a-hiverner\/"},"wordCount":201,"publisher":{"@id":"https:\/\/www.chesnaie.eu\/#organization"},"image":{"@id":"https:\/\/www.chesnaie.eu\/en\/attention-le-froid-arrive-pensez-a-hiverner\/#primaryimage"},"thumbnailUrl":"http:\/\/www.chesnaie.eu\/wp-content\/uploads\/2021\/11\/article-froid_img1.jpg","articleSection":["Articles clients"],"inLanguage":"de"},{"@type":"WebPage","@id":"https:\/\/www.chesnaie.eu\/en\/attention-le-froid-arrive-pensez-a-hiverner\/","url":"https:\/\/www.chesnaie.eu\/en\/attention-le-froid-arrive-pensez-a-hiverner\/","name":"Attention le froid arrive : Pensez \u00e0 hiverner ! - Parc de la Chesnaie","isPartOf":{"@id":"https:\/\/www.chesnaie.eu\/#website"},"primaryImageOfPage":{"@id":"https:\/\/www.chesnaie.eu\/en\/attention-le-froid-arrive-pensez-a-hiverner\/#primaryimage"},"image":{"@id":"https:\/\/www.chesnaie.eu\/en\/attention-le-froid-arrive-pensez-a-hiverner\/#primaryimage"},"thumbnailUrl":"http:\/\/www.chesnaie.eu\/wp-content\/uploads\/2021\/11\/article-froid_img1.jpg","datePublished":"2021-11-19T14:00:00+00:00","dateModified":"2021-11-23T12:15:27+00:00","description":"Les pr\u00e9visions m\u00e9t\u00e9orologiques annoncent l\u2019arriv\u00e9e de temp\u00e9ratures n\u00e9gatives. Il faut hiverner vos installations\u00a0!","breadcrumb":{"@id":"https:\/\/www.chesnaie.eu\/en\/attention-le-froid-arrive-pensez-a-hiverner\/#breadcrumb"},"inLanguage":"de","potentialAction":[{"@type":"ReadAction","target":["https:\/\/www.chesnaie.eu\/en\/attention-le-froid-arrive-pensez-a-hiverner\/"]}]},{"@type":"ImageObject","inLanguage":"de","@id":"https:\/\/www.chesnaie.eu\/en\/attention-le-froid-arrive-pensez-a-hiverner\/#primaryimage","url":"http:\/\/www.chesnaie.eu\/wp-content\/uploads\/2021\/11\/article-froid_img1.jpg","contentUrl":"http:\/\/www.chesnaie.eu\/wp-content\/uploads\/2021\/11\/article-froid_img1.jpg","width":216,"height":216,"caption":"Attention au froid"},{"@type":"BreadcrumbList","@id":"https:\/\/www.chesnaie.eu\/en\/attention-le-froid-arrive-pensez-a-hiverner\/#breadcrumb","itemListElement":[{"@type":"ListItem","position":1,"name":"Accueil","item":"https:\/\/www.chesnaie.eu\/"},{"@type":"ListItem","position":2,"name":"Attention le froid arrive : Pensez \u00e0 hiverner !"}]},{"@type":"WebSite","@id":"https:\/\/www.chesnaie.eu\/#website","url":"https:\/\/www.chesnaie.eu\/","name":"Parc de la Chesnaie","description":"Parc r\u00e9sidentiel de loisirs","publisher":{"@id":"https:\/\/www.chesnaie.eu\/#organization"},"potentialAction":[{"@type":"SearchAction","target":{"@type":"EntryPoint","urlTemplate":"https:\/\/www.chesnaie.eu\/?s={search_term_string}"},"query-input":{"@type":"PropertyValueSpecification","valueRequired":true,"valueName":"search_term_string"}}],"inLanguage":"de"},{"@type":"Organization","@id":"https:\/\/www.chesnaie.eu\/#organization","name":"Parc de la Chesnaie","url":"https:\/\/www.chesnaie.eu\/","logo":{"@type":"ImageObject","inLanguage":"de","@id":"https:\/\/www.chesnaie.eu\/#\/schema\/logo\/image\/","url":"https:\/\/www.chesnaie.eu\/wp-content\/uploads\/2020\/04\/logo-s.png","contentUrl":"https:\/\/www.chesnaie.eu\/wp-content\/uploads\/2020\/04\/logo-s.png","width":100,"height":100,"caption":"Parc de la Chesnaie"},"image":{"@id":"https:\/\/www.chesnaie.eu\/#\/schema\/logo\/image\/"}},{"@type":"Person","@id":"https:\/\/www.chesnaie.eu\/#\/schema\/person\/0151639961e72dc38a4ba1c8cff8ffce","name":"Parc Chesnaie","image":{"@type":"ImageObject","inLanguage":"de","@id":"https:\/\/www.chesnaie.eu\/#\/schema\/person\/image\/","url":"https:\/\/secure.gravatar.com\/avatar\/02864cfece665b7ca4087c44c2fb5fd153390a91f30a083cc9a3bd953d591652?s=96&d=mm&r=g","contentUrl":"https:\/\/secure.gravatar.com\/avatar\/02864cfece665b7ca4087c44c2fb5fd153390a91f30a083cc9a3bd953d591652?s=96&d=mm&r=g","caption":"Parc Chesnaie"},"url":"http:\/\/www.chesnaie.eu"}]}},"_links":{"self":[{"href":"http:\/\/www.chesnaie.eu\/de\/wp-json\/wp\/v2\/posts\/3331","targetHints":{"allow":["GET"]}}],"collection":[{"href":"http:\/\/www.chesnaie.eu\/de\/wp-json\/wp\/v2\/posts"}],"about":[{"href":"http:\/\/www.chesnaie.eu\/de\/wp-json\/wp\/v2\/types\/post"}],"author":[{"embeddable":true,"href":"http:\/\/www.chesnaie.eu\/de\/wp-json\/wp\/v2\/users\/2"}],"replies":[{"embeddable":true,"href":"http:\/\/www.chesnaie.eu\/de\/wp-json\/wp\/v2\/comments?post=3331"}],"version-history":[{"count":5,"href":"http:\/\/www.chesnaie.eu\/de\/wp-json\/wp\/v2\/posts\/3331\/revisions"}],"predecessor-version":[{"id":3386,"href":"http:\/\/www.chesnaie.eu\/de\/wp-json\/wp\/v2\/posts\/3331\/revisions\/3386"}],"wp:featuredmedia":[{"embeddable":true,"href":"http:\/\/www.chesnaie.eu\/de\/wp-json\/wp\/v2\/media\/3342"}],"wp:attachment":[{"href":"http:\/\/www.chesnaie.eu\/de\/wp-json\/wp\/v2\/media?parent=3331"}],"wp:term":[{"taxonomy":"category","embeddable":true,"href":"http:\/\/www.chesnaie.eu\/de\/wp-json\/wp\/v2\/categories?post=3331"},{"taxonomy":"post_tag","embeddable":true,"href":"http:\/\/www.chesnaie.eu\/de\/wp-json\/wp\/v2\/tags?post=3331"}],"curies":[{"name":"wp","href":"https:\/\/api.w.org\/{rel}","templated":true}]}}