{"id":4639,"date":"2022-12-12T12:34:34","date_gmt":"2022-12-12T11:34:34","guid":{"rendered":"https:\/\/www.chesnaie.eu\/?p=4639"},"modified":"2022-12-12T12:36:14","modified_gmt":"2022-12-12T11:36:14","slug":"comment-passer-mon-mobil-home-chalet-en-mode-hivernage-en-2022","status":"publish","type":"post","link":"http:\/\/www.chesnaie.eu\/de\/comment-passer-mon-mobil-home-chalet-en-mode-hivernage-en-2022\/","title":{"rendered":"Comment passer mon mobil-home \/ chalet en mode hivernage en 2022 ?"},"content":{"rendered":"<p><\/p>\n\n\n\n<p><strong>Sie k\u00f6nnen die erforderlichen Massnahmen selbst durchf\u00fchren, daf\u00fcr steht Ihnen unsere Checkliste zur Verf\u00fcgung.<\/strong><\/p>\n\n\n\n<!--more-->\n\n\n\n<p><strong>Mais nous vous encourageons cependant \u00e0 faire appel \u00e0 un plombier\u00a0! <\/strong><\/p>\n\n\n\n<p>Pr\u00e9alable : Avant toute op\u00e9ration commencez par tirer plusieurs fois la chasses d\u2019eau afin de nettoyer le tout<br>\u00e0 l\u2019\u00e9gout jusqu\u2019\u00e0 la conduite g\u00e9n\u00e9rale (Cela devrait \u00e9viter un futur bouchon li\u00e9 \u00e0 du papier qui ne durcisse<br>pendant l\u2019hivers )<\/p>\n\n\n\n<figure class=\"wp-block-image size-full\"><img fetchpriority=\"high\" decoding=\"async\" width=\"1024\" height=\"399\" src=\"https:\/\/www.chesnaie.eu\/wp-content\/uploads\/2022\/12\/article_froid.jpg\" alt=\"\" class=\"wp-image-4641\" srcset=\"http:\/\/www.chesnaie.eu\/wp-content\/uploads\/2022\/12\/article_froid.jpg 1024w, http:\/\/www.chesnaie.eu\/wp-content\/uploads\/2022\/12\/article_froid-300x117.jpg 300w, http:\/\/www.chesnaie.eu\/wp-content\/uploads\/2022\/12\/article_froid-768x299.jpg 768w, http:\/\/www.chesnaie.eu\/wp-content\/uploads\/2022\/12\/article_froid-18x7.jpg 18w, http:\/\/www.chesnaie.eu\/wp-content\/uploads\/2022\/12\/article_froid-891x347.jpg 891w\" sizes=\"(max-width: 1024px) 100vw, 1024px\" \/><\/figure>\n\n\n\n<p><strong>BEL\u00dcFTUNG \/ FEUCHTIGKEIT<\/strong><\/p>\n\n\n\n<p>\u2022 Polster und Matratzen so stellen (z.Bsp. vertikal), dass gen\u00fcgend Luft rankommt<br>\u2022 T\u00fcren von Zimmern und M\u00f6beln \u00f6ffnen<br>\u2022 Mobilhome nicht mit Abdeckplanen komplett einh\u00fcllen, wegen Kondenzwasserbildung<br>\u2022 Bel\u00fcftungs\u00f6ffnungen nicht verschlie\u00dfen<br>\u2022 Verwenden Sie Entfeuchter<br>\u2022 Nettoyez et videz le r\u00e9frig\u00e9rateur et laissez la porte ouverte.<br>\u2022 Pr\u00fcfen Sie, ob alle Fenster geschlossen sind.<\/p>\n\n\n\n<p><strong>WASSER<\/strong><\/p>\n\n\n\n<p>Si votre mobile n\u2019est pas habit\u00e9e l\u2019hiver, il est imp\u00e9ratif de suivre la proc\u00e9dure suivante :<br>\u2022 Fermez l\u2019arriv\u00e9e d\u2019eau ( \u00e0 l\u2019entr\u00e9e de la parcelle )et d\u00e9branchez l\u2019alimentation.<br>\u2022 Vidangez le circuit en ouvrant le robinet situ\u00e9 sous la r\u00e9sidence (\u00e0 c\u00f4t\u00e9 de l\u2019arriv\u00e9e), mais pensez<br>\u00e9galement \u00e0 votre robinet ext\u00e9rieur (Purger tout votre r\u00e9seau en ouvrant la purge \u00e0 l\u2019arriv\u00e9e d\u2019eau et par<br>acquis de conscience n\u2019h\u00e9sitez pas \u00e0 prot\u00e9ger vos robinets et purges (sous le mobile, dans le jardin et celui dans le regard).<br>\u2022 Dans le mobile : Ouvrez tous les m\u00e9langeurs (chaud et froid) ou au milieu ouvert pour les mitigeurs et<br>posez la pomme de douche dans le bac \u00e0 douche. (N\u2019h\u00e9sitez pas l\u00e0 encore \u00e0 retirer la pomme de douche pour en profiter pour retirer le calcaire).<br>\u2022 Vidangez le chauffe-eau suivant les instructions du fabricant. J\u2019en profite pour vous donner un petit conseil parce qu\u2019on a tous dans son entourage un accro du m\u00e9nage qui ne peut s\u2019emp\u00eacher de nettoyer et peut jeter par m\u00e9garde la vis de purge de votre chauffe-eau ! La catastrophe !! <\/p>\n\n\n\n<p>Donc mon conseil : N\u2019h\u00e9sitez pas \u00e0 scotcher votre vis de purge sur votre chauffe-eau ! c\u2019est bien pratique \u00e0 la remise en eau de la retrouver ! et bien \u00e9conomique !<br>Lassen Sie die Sp\u00fclk\u00e4sten leerlaufen und legen Sie grobes Salz hinein<br>\u2022 Mettre dans tous les siphons du gros sel pour \u00e9viter que les siphons ne cassent sous la pression de la glace qui peut se former dans le siphon ! Et en laissant un peu d\u2019eau dans les siphons, les odeurs ne circulent pas !<br>\u2022 Pour les anciennes installations qui ont leur conduites en cuivre il faut s\u2019assurer que les tuyaux soient<br>vident vides ! L\u2019utilisation d\u2019une soufflette devient alors primordiale pour s\u2019assurer que les conduites aient<br>\u00e9t\u00e9 vid\u00e9es !!<\/p>\n\n\n\n<p><strong>GAS<\/strong><\/p>\n\n\n\n<p>\u2022 Schliessen Sie das Ventil ihrer Gasflasche ab.<br>\u2022 Profitez-en pour v\u00e9rifier la date de validit\u00e9 de la Lyre et d\u2019en commander de nouvelles le cas \u00e9ch\u00e9ant pour la r\u00e9ouverture de la saison.<\/p>\n\n\n\n<p><strong>STROM<\/strong><\/p>\n\n\n\n<p>\u2022 Coupez l\u2019\u00e9lectricit\u00e9 au disjoncteur \u00e0 l\u2019int\u00e9rieur du mobile home. Ne vous contentez pas de la coupure \u00e0<br>l\u2019ext\u00e9rieur du terrain !<\/p>\n\n\n\n<p><strong>BOILER<\/strong><\/p>\n\n\n\n<p>\u2022 Coupez l\u2019alimentation \u00e9lectrique et l\u2019arriv\u00e9e d\u2019eau froide, ouvrez les mitigeurs d\u2019eau chaude et vidangez<br>gr\u00e2ce \u00e0 la manette du groupe de s\u00e9curit\u00e9.<\/p>\n\n\n\n<p><strong>AUTRE<\/strong><\/p>\n\n\n\n<p>\u2022 Vous pouvez utiliser des absorbeurs d\u2019humidit\u00e9 pour contenir l\u2019humidit\u00e9<br>\u2022 Id\u00e9alement d\u00e9brancher les appareils \u00e9lectriques : TV, frigo, micro-onde<br>\u2022 Id\u00e9alement remporter vos linges, couvertures et oreillers ou mettez les bien sec dans des sacs sous vide.<br>\u2022 Assurez-vous que toutes les fen\u00eatres sont bien ferm\u00e9es, rideaux \u00e9galement<br>\u2022V\u00e9rifier que vos goutti\u00e8res sont bien vides<br>\u2022 Prot\u00e9ger les plantes qui en ont besoin<\/p>\n\n\n\n<p><em>C\u00e9line<\/em><\/p>\n\n\n\n<p><\/p>\n\n\n\n<p><\/p>","protected":false},"excerpt":{"rendered":"<p>Sie k\u00f6nnen die erforderlichen Massnahmen selbst durchf\u00fchren, daf\u00fcr steht Ihnen unsere Checkliste zur Verf\u00fcgung.<\/p>","protected":false},"author":1,"featured_media":4640,"comment_status":"open","ping_status":"open","sticky":false,"template":"","format":"standard","meta":{"inline_featured_image":false,"footnotes":""},"categories":[87],"tags":[],"class_list":["post-4639","post","type-post","status-publish","format-standard","has-post-thumbnail","hentry","category-actualites"],"yoast_head":"<!-- This site is optimized with the Yoast SEO plugin v26.9 - https:\/\/yoast.com\/product\/yoast-seo-wordpress\/ -->\n<title>Passer mobil-home mode hivernage - Parc de la Chesnaie<\/title>\n<meta name=\"description\" content=\"Pour ceux qui souhaitent hiverner par eux-m\u00eame leur installation, nous vous proposons de suivre cette checklist.\" \/>\n<meta name=\"robots\" content=\"index, follow, max-snippet:-1, max-image-preview:large, max-video-preview:-1\" \/>\n<link rel=\"canonical\" href=\"http:\/\/www.chesnaie.eu\/de\/comment-passer-mon-mobil-home-chalet-en-mode-hivernage-en-2022\/\" \/>\n<meta property=\"og:locale\" content=\"de_DE\" \/>\n<meta property=\"og:type\" content=\"article\" \/>\n<meta property=\"og:title\" content=\"Passer mobil-home mode hivernage - Parc de la Chesnaie\" \/>\n<meta property=\"og:description\" content=\"Pour ceux qui souhaitent hiverner par eux-m\u00eame leur installation, nous vous proposons de suivre cette checklist.\" \/>\n<meta property=\"og:url\" content=\"http:\/\/www.chesnaie.eu\/de\/comment-passer-mon-mobil-home-chalet-en-mode-hivernage-en-2022\/\" \/>\n<meta property=\"og:site_name\" content=\"Parc de la Chesnaie\" \/>\n<meta property=\"article:published_time\" content=\"2022-12-12T11:34:34+00:00\" \/>\n<meta property=\"article:modified_time\" content=\"2022-12-12T11:36:14+00:00\" \/>\n<meta property=\"og:image\" content=\"http:\/\/www.chesnaie.eu\/wp-content\/uploads\/2022\/12\/article_froid_mini.jpg\" \/>\n\t<meta property=\"og:image:width\" content=\"399\" \/>\n\t<meta property=\"og:image:height\" content=\"399\" \/>\n\t<meta property=\"og:image:type\" content=\"image\/jpeg\" \/>\n<meta name=\"author\" content=\"Franck\" \/>\n<meta name=\"twitter:card\" content=\"summary_large_image\" \/>\n<meta name=\"twitter:label1\" content=\"Verfasst von\" \/>\n\t<meta name=\"twitter:data1\" content=\"Franck\" \/>\n\t<meta name=\"twitter:label2\" content=\"Gesch\u00e4tzte Lesezeit\" \/>\n\t<meta name=\"twitter:data2\" content=\"4\u00a0Minuten\" \/>\n<script type=\"application\/ld+json\" class=\"yoast-schema-graph\">{\"@context\":\"https:\/\/schema.org\",\"@graph\":[{\"@type\":\"Article\",\"@id\":\"http:\/\/www.chesnaie.eu\/comment-passer-mon-mobil-home-chalet-en-mode-hivernage-en-2022\/#article\",\"isPartOf\":{\"@id\":\"http:\/\/www.chesnaie.eu\/comment-passer-mon-mobil-home-chalet-en-mode-hivernage-en-2022\/\"},\"author\":{\"name\":\"Franck\",\"@id\":\"https:\/\/www.chesnaie.eu\/#\/schema\/person\/b3b0ea0438569e40b3b31ba3057a4130\"},\"headline\":\"Comment passer mon mobil-home \/ chalet en mode hivernage en 2022 ?\",\"datePublished\":\"2022-12-12T11:34:34+00:00\",\"dateModified\":\"2022-12-12T11:36:14+00:00\",\"mainEntityOfPage\":{\"@id\":\"http:\/\/www.chesnaie.eu\/comment-passer-mon-mobil-home-chalet-en-mode-hivernage-en-2022\/\"},\"wordCount\":650,\"commentCount\":0,\"publisher\":{\"@id\":\"https:\/\/www.chesnaie.eu\/#organization\"},\"image\":{\"@id\":\"http:\/\/www.chesnaie.eu\/comment-passer-mon-mobil-home-chalet-en-mode-hivernage-en-2022\/#primaryimage\"},\"thumbnailUrl\":\"http:\/\/www.chesnaie.eu\/wp-content\/uploads\/2022\/12\/article_froid_mini.jpg\",\"articleSection\":[\"Actualit\u00e9s\"],\"inLanguage\":\"de\",\"potentialAction\":[{\"@type\":\"CommentAction\",\"name\":\"Comment\",\"target\":[\"http:\/\/www.chesnaie.eu\/comment-passer-mon-mobil-home-chalet-en-mode-hivernage-en-2022\/#respond\"]}]},{\"@type\":\"WebPage\",\"@id\":\"http:\/\/www.chesnaie.eu\/comment-passer-mon-mobil-home-chalet-en-mode-hivernage-en-2022\/\",\"url\":\"http:\/\/www.chesnaie.eu\/comment-passer-mon-mobil-home-chalet-en-mode-hivernage-en-2022\/\",\"name\":\"Passer mobil-home mode hivernage - Parc de la Chesnaie\",\"isPartOf\":{\"@id\":\"https:\/\/www.chesnaie.eu\/#website\"},\"primaryImageOfPage\":{\"@id\":\"http:\/\/www.chesnaie.eu\/comment-passer-mon-mobil-home-chalet-en-mode-hivernage-en-2022\/#primaryimage\"},\"image\":{\"@id\":\"http:\/\/www.chesnaie.eu\/comment-passer-mon-mobil-home-chalet-en-mode-hivernage-en-2022\/#primaryimage\"},\"thumbnailUrl\":\"http:\/\/www.chesnaie.eu\/wp-content\/uploads\/2022\/12\/article_froid_mini.jpg\",\"datePublished\":\"2022-12-12T11:34:34+00:00\",\"dateModified\":\"2022-12-12T11:36:14+00:00\",\"description\":\"Pour ceux qui souhaitent hiverner par eux-m\u00eame leur installation, nous vous proposons de suivre cette checklist.\",\"breadcrumb\":{\"@id\":\"http:\/\/www.chesnaie.eu\/comment-passer-mon-mobil-home-chalet-en-mode-hivernage-en-2022\/#breadcrumb\"},\"inLanguage\":\"de\",\"potentialAction\":[{\"@type\":\"ReadAction\",\"target\":[\"http:\/\/www.chesnaie.eu\/comment-passer-mon-mobil-home-chalet-en-mode-hivernage-en-2022\/\"]}]},{\"@type\":\"ImageObject\",\"inLanguage\":\"de\",\"@id\":\"http:\/\/www.chesnaie.eu\/comment-passer-mon-mobil-home-chalet-en-mode-hivernage-en-2022\/#primaryimage\",\"url\":\"http:\/\/www.chesnaie.eu\/wp-content\/uploads\/2022\/12\/article_froid_mini.jpg\",\"contentUrl\":\"http:\/\/www.chesnaie.eu\/wp-content\/uploads\/2022\/12\/article_froid_mini.jpg\",\"width\":399,\"height\":399,\"caption\":\"Photo hivernage\"},{\"@type\":\"BreadcrumbList\",\"@id\":\"http:\/\/www.chesnaie.eu\/comment-passer-mon-mobil-home-chalet-en-mode-hivernage-en-2022\/#breadcrumb\",\"itemListElement\":[{\"@type\":\"ListItem\",\"position\":1,\"name\":\"Accueil\",\"item\":\"https:\/\/www.chesnaie.eu\/\"},{\"@type\":\"ListItem\",\"position\":2,\"name\":\"Comment passer mon mobil-home \/ chalet en mode hivernage en 2022 ?\"}]},{\"@type\":\"WebSite\",\"@id\":\"https:\/\/www.chesnaie.eu\/#website\",\"url\":\"https:\/\/www.chesnaie.eu\/\",\"name\":\"Parc de la Chesnaie\",\"description\":\"Parc r\u00e9sidentiel de loisirs\",\"publisher\":{\"@id\":\"https:\/\/www.chesnaie.eu\/#organization\"},\"potentialAction\":[{\"@type\":\"SearchAction\",\"target\":{\"@type\":\"EntryPoint\",\"urlTemplate\":\"https:\/\/www.chesnaie.eu\/?s={search_term_string}\"},\"query-input\":{\"@type\":\"PropertyValueSpecification\",\"valueRequired\":true,\"valueName\":\"search_term_string\"}}],\"inLanguage\":\"de\"},{\"@type\":\"Organization\",\"@id\":\"https:\/\/www.chesnaie.eu\/#organization\",\"name\":\"Parc de la Chesnaie\",\"url\":\"https:\/\/www.chesnaie.eu\/\",\"logo\":{\"@type\":\"ImageObject\",\"inLanguage\":\"de\",\"@id\":\"https:\/\/www.chesnaie.eu\/#\/schema\/logo\/image\/\",\"url\":\"https:\/\/www.chesnaie.eu\/wp-content\/uploads\/2020\/04\/logo-s.png\",\"contentUrl\":\"https:\/\/www.chesnaie.eu\/wp-content\/uploads\/2020\/04\/logo-s.png\",\"width\":100,\"height\":100,\"caption\":\"Parc de la Chesnaie\"},\"image\":{\"@id\":\"https:\/\/www.chesnaie.eu\/#\/schema\/logo\/image\/\"}},{\"@type\":\"Person\",\"@id\":\"https:\/\/www.chesnaie.eu\/#\/schema\/person\/b3b0ea0438569e40b3b31ba3057a4130\",\"name\":\"Franck\",\"image\":{\"@type\":\"ImageObject\",\"inLanguage\":\"de\",\"@id\":\"https:\/\/www.chesnaie.eu\/#\/schema\/person\/image\/\",\"url\":\"https:\/\/secure.gravatar.com\/avatar\/67bc9cd2ab60aad52e1544659f49e5fb8f5d2bc093566ab79ac7d44945adc9a3?s=96&d=mm&r=g\",\"contentUrl\":\"https:\/\/secure.gravatar.com\/avatar\/67bc9cd2ab60aad52e1544659f49e5fb8f5d2bc093566ab79ac7d44945adc9a3?s=96&d=mm&r=g\",\"caption\":\"Franck\"},\"sameAs\":[\"http:\/\/www.chesnaie.eu\"],\"url\":\"http:\/\/www.chesnaie.eu\"}]}<\/script>\n<!-- \/ Yoast SEO plugin. -->","yoast_head_json":{"title":"Passer mobil-home mode hivernage - Parc de la Chesnaie","description":"Sie k\u00f6nnen die erforderlichen Massnahmen selbst durchf\u00fchren, daf\u00fcr steht Ihnen unsere Checkliste zur Verf\u00fcgung.","robots":{"index":"index","follow":"follow","max-snippet":"max-snippet:-1","max-image-preview":"max-image-preview:large","max-video-preview":"max-video-preview:-1"},"canonical":"http:\/\/www.chesnaie.eu\/de\/comment-passer-mon-mobil-home-chalet-en-mode-hivernage-en-2022\/","og_locale":"de_DE","og_type":"article","og_title":"Passer mobil-home mode hivernage - Parc de la Chesnaie","og_description":"Pour ceux qui souhaitent hiverner par eux-m\u00eame leur installation, nous vous proposons de suivre cette checklist.","og_url":"http:\/\/www.chesnaie.eu\/de\/comment-passer-mon-mobil-home-chalet-en-mode-hivernage-en-2022\/","og_site_name":"Parc de la Chesnaie","article_published_time":"2022-12-12T11:34:34+00:00","article_modified_time":"2022-12-12T11:36:14+00:00","og_image":[{"width":399,"height":399,"url":"http:\/\/www.chesnaie.eu\/wp-content\/uploads\/2022\/12\/article_froid_mini.jpg","type":"image\/jpeg"}],"author":"Franck","twitter_card":"summary_large_image","twitter_misc":{"Verfasst von":"Franck","Gesch\u00e4tzte Lesezeit":"4\u00a0Minuten"},"schema":{"@context":"https:\/\/schema.org","@graph":[{"@type":"Article","@id":"http:\/\/www.chesnaie.eu\/comment-passer-mon-mobil-home-chalet-en-mode-hivernage-en-2022\/#article","isPartOf":{"@id":"http:\/\/www.chesnaie.eu\/comment-passer-mon-mobil-home-chalet-en-mode-hivernage-en-2022\/"},"author":{"name":"Franck","@id":"https:\/\/www.chesnaie.eu\/#\/schema\/person\/b3b0ea0438569e40b3b31ba3057a4130"},"headline":"Comment passer mon mobil-home \/ chalet en mode hivernage en 2022 ?","datePublished":"2022-12-12T11:34:34+00:00","dateModified":"2022-12-12T11:36:14+00:00","mainEntityOfPage":{"@id":"http:\/\/www.chesnaie.eu\/comment-passer-mon-mobil-home-chalet-en-mode-hivernage-en-2022\/"},"wordCount":650,"commentCount":0,"publisher":{"@id":"https:\/\/www.chesnaie.eu\/#organization"},"image":{"@id":"http:\/\/www.chesnaie.eu\/comment-passer-mon-mobil-home-chalet-en-mode-hivernage-en-2022\/#primaryimage"},"thumbnailUrl":"http:\/\/www.chesnaie.eu\/wp-content\/uploads\/2022\/12\/article_froid_mini.jpg","articleSection":["Actualit\u00e9s"],"inLanguage":"de","potentialAction":[{"@type":"CommentAction","name":"Comment","target":["http:\/\/www.chesnaie.eu\/comment-passer-mon-mobil-home-chalet-en-mode-hivernage-en-2022\/#respond"]}]},{"@type":"WebPage","@id":"http:\/\/www.chesnaie.eu\/comment-passer-mon-mobil-home-chalet-en-mode-hivernage-en-2022\/","url":"http:\/\/www.chesnaie.eu\/comment-passer-mon-mobil-home-chalet-en-mode-hivernage-en-2022\/","name":"Passer mobil-home mode hivernage - Parc de la Chesnaie","isPartOf":{"@id":"https:\/\/www.chesnaie.eu\/#website"},"primaryImageOfPage":{"@id":"http:\/\/www.chesnaie.eu\/comment-passer-mon-mobil-home-chalet-en-mode-hivernage-en-2022\/#primaryimage"},"image":{"@id":"http:\/\/www.chesnaie.eu\/comment-passer-mon-mobil-home-chalet-en-mode-hivernage-en-2022\/#primaryimage"},"thumbnailUrl":"http:\/\/www.chesnaie.eu\/wp-content\/uploads\/2022\/12\/article_froid_mini.jpg","datePublished":"2022-12-12T11:34:34+00:00","dateModified":"2022-12-12T11:36:14+00:00","description":"Sie k\u00f6nnen die erforderlichen Massnahmen selbst durchf\u00fchren, daf\u00fcr steht Ihnen unsere Checkliste zur Verf\u00fcgung.","breadcrumb":{"@id":"http:\/\/www.chesnaie.eu\/comment-passer-mon-mobil-home-chalet-en-mode-hivernage-en-2022\/#breadcrumb"},"inLanguage":"de","potentialAction":[{"@type":"ReadAction","target":["http:\/\/www.chesnaie.eu\/comment-passer-mon-mobil-home-chalet-en-mode-hivernage-en-2022\/"]}]},{"@type":"ImageObject","inLanguage":"de","@id":"http:\/\/www.chesnaie.eu\/comment-passer-mon-mobil-home-chalet-en-mode-hivernage-en-2022\/#primaryimage","url":"http:\/\/www.chesnaie.eu\/wp-content\/uploads\/2022\/12\/article_froid_mini.jpg","contentUrl":"http:\/\/www.chesnaie.eu\/wp-content\/uploads\/2022\/12\/article_froid_mini.jpg","width":399,"height":399,"caption":"Photo hivernage"},{"@type":"BreadcrumbList","@id":"http:\/\/www.chesnaie.eu\/comment-passer-mon-mobil-home-chalet-en-mode-hivernage-en-2022\/#breadcrumb","itemListElement":[{"@type":"ListItem","position":1,"name":"Accueil","item":"https:\/\/www.chesnaie.eu\/"},{"@type":"ListItem","position":2,"name":"Comment passer mon mobil-home \/ chalet en mode hivernage en 2022 ?"}]},{"@type":"WebSite","@id":"https:\/\/www.chesnaie.eu\/#website","url":"https:\/\/www.chesnaie.eu\/","name":"Parc de la Chesnaie","description":"Parc r\u00e9sidentiel de loisirs","publisher":{"@id":"https:\/\/www.chesnaie.eu\/#organization"},"potentialAction":[{"@type":"SearchAction","target":{"@type":"EntryPoint","urlTemplate":"https:\/\/www.chesnaie.eu\/?s={search_term_string}"},"query-input":{"@type":"PropertyValueSpecification","valueRequired":true,"valueName":"search_term_string"}}],"inLanguage":"de"},{"@type":"Organization","@id":"https:\/\/www.chesnaie.eu\/#organization","name":"Parc de la Chesnaie","url":"https:\/\/www.chesnaie.eu\/","logo":{"@type":"ImageObject","inLanguage":"de","@id":"https:\/\/www.chesnaie.eu\/#\/schema\/logo\/image\/","url":"https:\/\/www.chesnaie.eu\/wp-content\/uploads\/2020\/04\/logo-s.png","contentUrl":"https:\/\/www.chesnaie.eu\/wp-content\/uploads\/2020\/04\/logo-s.png","width":100,"height":100,"caption":"Parc de la Chesnaie"},"image":{"@id":"https:\/\/www.chesnaie.eu\/#\/schema\/logo\/image\/"}},{"@type":"Person","@id":"https:\/\/www.chesnaie.eu\/#\/schema\/person\/b3b0ea0438569e40b3b31ba3057a4130","name":"Franck","image":{"@type":"ImageObject","inLanguage":"de","@id":"https:\/\/www.chesnaie.eu\/#\/schema\/person\/image\/","url":"https:\/\/secure.gravatar.com\/avatar\/67bc9cd2ab60aad52e1544659f49e5fb8f5d2bc093566ab79ac7d44945adc9a3?s=96&d=mm&r=g","contentUrl":"https:\/\/secure.gravatar.com\/avatar\/67bc9cd2ab60aad52e1544659f49e5fb8f5d2bc093566ab79ac7d44945adc9a3?s=96&d=mm&r=g","caption":"Franck"},"sameAs":["http:\/\/www.chesnaie.eu"],"url":"http:\/\/www.chesnaie.eu"}]}},"_links":{"self":[{"href":"http:\/\/www.chesnaie.eu\/de\/wp-json\/wp\/v2\/posts\/4639","targetHints":{"allow":["GET"]}}],"collection":[{"href":"http:\/\/www.chesnaie.eu\/de\/wp-json\/wp\/v2\/posts"}],"about":[{"href":"http:\/\/www.chesnaie.eu\/de\/wp-json\/wp\/v2\/types\/post"}],"author":[{"embeddable":true,"href":"http:\/\/www.chesnaie.eu\/de\/wp-json\/wp\/v2\/users\/1"}],"replies":[{"embeddable":true,"href":"http:\/\/www.chesnaie.eu\/de\/wp-json\/wp\/v2\/comments?post=4639"}],"version-history":[{"count":1,"href":"http:\/\/www.chesnaie.eu\/de\/wp-json\/wp\/v2\/posts\/4639\/revisions"}],"predecessor-version":[{"id":4642,"href":"http:\/\/www.chesnaie.eu\/de\/wp-json\/wp\/v2\/posts\/4639\/revisions\/4642"}],"wp:featuredmedia":[{"embeddable":true,"href":"http:\/\/www.chesnaie.eu\/de\/wp-json\/wp\/v2\/media\/4640"}],"wp:attachment":[{"href":"http:\/\/www.chesnaie.eu\/de\/wp-json\/wp\/v2\/media?parent=4639"}],"wp:term":[{"taxonomy":"category","embeddable":true,"href":"http:\/\/www.chesnaie.eu\/de\/wp-json\/wp\/v2\/categories?post=4639"},{"taxonomy":"post_tag","embeddable":true,"href":"http:\/\/www.chesnaie.eu\/de\/wp-json\/wp\/v2\/tags?post=4639"}],"curies":[{"name":"wp","href":"https:\/\/api.w.org\/{rel}","templated":true}]}}